{"id":10754,"date":"2026-01-15T06:23:00","date_gmt":"2026-01-15T06:23:00","guid":{"rendered":"https:\/\/destandisticaret.com\/?p=10754"},"modified":"2026-01-15T06:25:41","modified_gmt":"2026-01-15T06:25:41","slug":"toptan-kuruyemis-fiyatlari-2026","status":"publish","type":"post","link":"https:\/\/destandisticaret.com\/tr\/duyurular\/toptan-kuruyemis-fiyatlari-2026\/","title":{"rendered":"Toptan Kuruyemi\u015f Fiyatlar\u0131 2026"},"content":{"rendered":"\n<h2 class=\"wp-block-heading\">Kuruyemi\u015f Borsas\u0131nda 2026 Senaryolar\u0131: \u015e\u00fck\u00fcr Kuruyemi\u015f\u2019ten Esnafa Rehber<\/h2>\n\n\n\n<p>Kuruyemi\u015f piyasas\u0131nda 50 y\u0131l\u0131 deviren tecr\u00fcbemizle biliyoruz ki; do\u011fru zamanda al\u0131nmayan \u00fcr\u00fcn, en pahal\u0131 \u00fcr\u00fcnd\u00fcr. 2026 y\u0131l\u0131na girerken, d\u00f6viz kuru hareketlili\u011fi ve iklimsel de\u011fi\u015fimler toptan fiyatlar\u0131 do\u011frudan etkiliyor. Peki, bu y\u0131l d\u00fckkan\u0131n\u0131z\u0131 veya i\u015fletmenizi nas\u0131l k\u00e2ra ge\u00e7ireceksiniz?<\/p>\n\n\n\n<p><strong>\u015e\u00fck\u00fcr Kuruyemi\u015f<\/strong> olarak, 2026 toptan piyasas\u0131n\u0131n \u015fifrelerini \u00e7\u00f6z\u00fcyoruz.<\/p>\n\n\n\n<h2 class=\"wp-block-heading\">2026\u2019da Fiyatlar Neden Hareketli?<\/h2>\n\n\n\n<p>Bu y\u0131l piyasay\u0131 sadece arz-talep de\u011fil, <strong>&#8220;ak\u0131ll\u0131 tar\u0131m maliyetleri&#8221;<\/strong> y\u00f6netiyor.<\/p>\n\n\n\n<ul class=\"wp-block-list\">\n<li><strong>Mazot ve G\u00fcbre Etkisi:<\/strong> Yerli \u00fcretim olan f\u0131nd\u0131k ve f\u0131st\u0131kta, \u00fcretim maliyetleri taban fiyatlar\u0131 yukar\u0131 \u00e7ekmi\u015f durumda.<\/li>\n\n\n\n<li><strong>K\u00fcresel Tedarik Zinciri:<\/strong> Kaju ve badem gibi ithal kalemlerde nakliye konteyner maliyetleri, 2026&#8217;n\u0131n ilk \u00e7eyre\u011finde belirleyici rol oynuyor.<\/li>\n<\/ul>\n\n\n\n<h3 class=\"wp-block-heading\">\u00dcr\u00fcn Gruplar\u0131na G\u00f6re 2026 \u00d6ng\u00f6r\u00fclerimiz<\/h3>\n\n\n\n<ol class=\"wp-block-list\">\n<li><strong>Antep F\u0131st\u0131\u011f\u0131 (Baklaval\u0131k ve L\u00fcks):<\/strong> Rekoltenin &#8220;yok y\u0131l\u0131na&#8221; denk gelme riski nedeniyle fiyatlarda yukar\u0131 y\u00f6nl\u00fc bir bask\u0131 var. Erken stok yapan kazan\u0131yor.<\/li>\n\n\n\n<li><strong>Kaju ve Badem:<\/strong> \u0130thalat rejimindeki g\u00fcncellemelerle birlikte fiyatlar daha \u00e7ok d\u00f6viz bazl\u0131 seyrediyor. \u015e\u00fck\u00fcr Kuruyemi\u015f olarak biz, b\u00fcy\u00fck hacimli ithalat ba\u011flant\u0131lar\u0131m\u0131zla bu dalgalanmay\u0131 m\u00fc\u015fterilerimize yans\u0131tmamaya \u00e7al\u0131\u015f\u0131yoruz.<\/li>\n\n\n\n<li><strong>\u00c7ekirdek Grubu:<\/strong> Yerli \u00fcretimde bu y\u0131l bereket var; ay\u00e7ekirde\u011fi ve kabak \u00e7ekirde\u011fi fiyatlar\u0131nda 2026&#8217;n\u0131n en stabil d\u00f6nemini ya\u015f\u0131yoruz.<\/li>\n<\/ol>\n\n\n\n<hr class=\"wp-block-separator has-alpha-channel-opacity\"\/>\n\n\n\n<h2 class=\"wp-block-heading\">\u015e\u00fck\u00fcr Kuruyemi\u015f Fark\u0131: Sadece Satm\u0131yor, Dan\u0131\u015fmanl\u0131k Yap\u0131yoruz<\/h2>\n\n\n\n<p>Toptan al\u0131m yaparken \u015e\u00fck\u00fcr Kuruyemi\u015f\u2019i tercih eden i\u015fletmeler \u015fu avantajlara sahip oluyor:<\/p>\n\n\n\n<h3 class=\"wp-block-heading\">1. &#8220;S\u0131f\u0131r Stok&#8221; Riski<\/h3>\n\n\n\n<p>Bizimle \u00e7al\u0131\u015fan kafeler ve marketler, devasa depolar tutmak zorunda kalm\u0131yor. Haftal\u0131k taze kavrum ve h\u0131zl\u0131 sevkiyat a\u011f\u0131m\u0131z sayesinde, \u00fcr\u00fcnleriniz her zaman en \u00e7\u0131t\u0131r haliyle raflar\u0131n\u0131zda yer al\u0131yor.<\/p>\n\n\n\n<h3 class=\"wp-block-heading\">2. Kalibrasyon G\u00fcvencesi<\/h3>\n\n\n\n<p>Toptan al\u0131mlarda en b\u00fcy\u00fck sorun, numune ile gelen \u00fcr\u00fcn\u00fcn uyu\u015fmamas\u0131d\u0131r. \u015e\u00fck\u00fcr Kuruyemi\u015f \u00e7at\u0131s\u0131 alt\u0131nda, 2026 standartlar\u0131m\u0131z gere\u011fi her \u00e7uval laboratuvar titizli\u011fiyle kontrol edilir.<\/p>\n\n\n\n<h3 class=\"wp-block-heading\">3. Esnaf Dostu Fiyatland\u0131rma<\/h3>\n\n\n\n<p>Yar\u0131m as\u0131rd\u0131r oldu\u011fu gibi, 2026 y\u0131l\u0131nda da &#8220;s\u00fcrd\u00fcr\u00fclebilir ticaret&#8221; ilkemizle hareket ediyoruz. Tek seferlik y\u00fcksek k\u00e2r yerine, uzun vadeli i\u015f ortakl\u0131\u011f\u0131 i\u00e7in rekabet\u00e7i toptan fiyatlar sunuyoruz.<\/p>\n\n\n\n<hr class=\"wp-block-separator has-alpha-channel-opacity\"\/>\n\n\n\n<h2 class=\"wp-block-heading\">Sekt\u00f6re \u00d6zel \u00c7\u00f6z\u00fcmler<\/h2>\n\n\n\n<ul class=\"wp-block-list\">\n<li><strong>Pastane ve Baklavac\u0131lar:<\/strong> Y\u00fcksek ya\u011f oranl\u0131, firesiz i\u00e7 f\u0131st\u0131k ve ceviz gruplar\u0131.<\/li>\n\n\n\n<li><strong>Kuruyemi\u015f D\u00fckkanlar\u0131:<\/strong> \u00d6zel harman kar\u0131\u015f\u0131k kuruyemi\u015f ve \u00e7i\u011f \u00fcr\u00fcn serileri.<\/li>\n\n\n\n<li><strong>\u0130hracat\u00e7\u0131lar:<\/strong> AB standartlar\u0131na uygun aflatoksin analizli \u00fcr\u00fcnler.<\/li>\n<\/ul>\n\n\n\n<p><\/p>\n","protected":false},"excerpt":{"rendered":"<p>Kuruyemi\u015f Borsas\u0131nda 2026 Senaryolar\u0131: \u015e\u00fck\u00fcr Kuruyemi\u015f\u2019ten Esnafa Rehber Kuruyemi\u015f piyasas\u0131nda 50 y\u0131l\u0131 deviren tecr\u00fcbemizle biliyoruz ki; do\u011fru zamanda al\u0131nmayan \u00fcr\u00fcn, en pahal\u0131 \u00fcr\u00fcnd\u00fcr. 2026 y\u0131l\u0131na girerken, d\u00f6viz kuru hareketlili\u011fi ve iklimsel de\u011fi\u015fimler toptan fiyatlar\u0131 do\u011frudan etkiliyor. Peki, bu y\u0131l d\u00fckkan\u0131n\u0131z\u0131 veya i\u015fletmenizi nas\u0131l k\u00e2ra ge\u00e7ireceksiniz? \u015e\u00fck\u00fcr Kuruyemi\u015f olarak, 2026 toptan piyasas\u0131n\u0131n \u015fifrelerini \u00e7\u00f6z\u00fcyoruz. 2026\u2019da Fiyatlar [&hellip;]<\/p>\n","protected":false},"author":1,"featured_media":10755,"comment_status":"closed","ping_status":"closed","sticky":false,"template":"","format":"standard","meta":{"footnotes":""},"categories":[16,1,17],"tags":[182,180,178,183,177,175,176,181,179],"class_list":["post-10754","post","type-post","status-publish","format-standard","has-post-thumbnail","hentry","category-bizden-haberler","category-duyurular","category-faydali-bilgiler","tag-2026-kuruyemis-piyasasi","tag-dokme-cerez-fiyat-listesi-2026","tag-esnafa-ozel-kuruyemis-fiyatlari","tag-istanbul-kuruyemis-borsasi","tag-kuruyemis-imalatcilari","tag-sukur-kuruyemis-toptan","tag-taze-kavrulmus-toptan-urunler","tag-toptan-cerez-tedarik","tag-ucuz-toptan-fistik-2026"],"_links":{"self":[{"href":"https:\/\/destandisticaret.com\/tr\/wp-json\/wp\/v2\/posts\/10754","targetHints":{"allow":["GET"]}}],"collection":[{"href":"https:\/\/destandisticaret.com\/tr\/wp-json\/wp\/v2\/posts"}],"about":[{"href":"https:\/\/destandisticaret.com\/tr\/wp-json\/wp\/v2\/types\/post"}],"author":[{"embeddable":true,"href":"https:\/\/destandisticaret.com\/tr\/wp-json\/wp\/v2\/users\/1"}],"replies":[{"embeddable":true,"href":"https:\/\/destandisticaret.com\/tr\/wp-json\/wp\/v2\/comments?post=10754"}],"version-history":[{"count":2,"href":"https:\/\/destandisticaret.com\/tr\/wp-json\/wp\/v2\/posts\/10754\/revisions"}],"predecessor-version":[{"id":10757,"href":"https:\/\/destandisticaret.com\/tr\/wp-json\/wp\/v2\/posts\/10754\/revisions\/10757"}],"wp:featuredmedia":[{"embeddable":true,"href":"https:\/\/destandisticaret.com\/tr\/wp-json\/wp\/v2\/media\/10755"}],"wp:attachment":[{"href":"https:\/\/destandisticaret.com\/tr\/wp-json\/wp\/v2\/media?parent=10754"}],"wp:term":[{"taxonomy":"category","embeddable":true,"href":"https:\/\/destandisticaret.com\/tr\/wp-json\/wp\/v2\/categories?post=10754"},{"taxonomy":"post_tag","embeddable":true,"href":"https:\/\/destandisticaret.com\/tr\/wp-json\/wp\/v2\/tags?post=10754"}],"curies":[{"name":"wp","href":"https:\/\/api.w.org\/{rel}","templated":true}]}}