{"id":10208,"date":"2025-04-10T11:57:19","date_gmt":"2025-04-10T11:57:19","guid":{"rendered":"https:\/\/destandisticaret.com\/?p=10208"},"modified":"2025-04-10T11:57:20","modified_gmt":"2025-04-10T11:57:20","slug":"kuruyemis-sektorunde-surdurulebilirlik","status":"publish","type":"post","link":"https:\/\/destandisticaret.com\/tr\/faydali-bilgiler\/kuruyemis-sektorunde-surdurulebilirlik\/","title":{"rendered":"Kuruyemi\u015f Sekt\u00f6r\u00fcnde S\u00fcrd\u00fcr\u00fclebilirlik"},"content":{"rendered":"\n<p>Kuruyemi\u015f sekt\u00f6r\u00fc, g\u0131da end\u00fcstrisinin \u00f6nemli bir par\u00e7as\u0131 olmas\u0131n\u0131n yan\u0131 s\u0131ra s\u00fcrd\u00fcr\u00fclebilirlik a\u00e7\u0131s\u0131ndan da b\u00fcy\u00fck sorumluluk ta\u015f\u0131r. Do\u011fal kaynaklar\u0131n korunmas\u0131 ve \u00e7evreye duyarl\u0131 \u00fcretim s\u00fcre\u00e7leri, hem sekt\u00f6rdeki firmalar\u0131n hem de t\u00fcketicilerin \u00f6nem verdi\u011fi konular\u0131n ba\u015f\u0131nda gelir. Bu yaz\u0131da, kuruyemi\u015f sekt\u00f6r\u00fcnde s\u00fcrd\u00fcr\u00fclebilirli\u011fin \u00f6nemi ve \u00e7evre dostu uygulamalar\u0131 ele alaca\u011f\u0131z.<\/p>\n\n\n\n<p><strong>1. Do\u011fal Kaynaklar\u0131n Korunmas\u0131<\/strong><\/p>\n\n\n\n<p>Kuruyemi\u015f \u00fcretimi, tar\u0131msal kaynaklara dayal\u0131 bir s\u00fcre\u00e7tir. Topra\u011f\u0131n verimlili\u011fini art\u0131rmak, su kaynaklar\u0131n\u0131 korumak ve do\u011fal habitatlar\u0131 s\u00fcrd\u00fcr\u00fclebilir \u015fekilde y\u00f6netmek, sekt\u00f6r\u00fcn \u00e7evreye duyarl\u0131l\u0131\u011f\u0131n\u0131 g\u00f6sterir. S\u00fcrd\u00fcr\u00fclebilir tar\u0131m uygulamalar\u0131, do\u011fal kaynaklar\u0131n korunmas\u0131na ve gelecek nesillere daha iyi bir \u00e7evre b\u0131rak\u0131lmas\u0131na katk\u0131 sa\u011flar.<\/p>\n\n\n\n<p><strong>2. At\u0131k Y\u00f6netimi<\/strong><\/p>\n\n\n\n<p>Kuruyemi\u015f \u00fcretimi s\u0131ras\u0131nda ortaya \u00e7\u0131kan at\u0131klar\u0131n do\u011fru \u015fekilde y\u00f6netilmesi, \u00e7evreye olan olumsuz etkilerin azalt\u0131lmas\u0131na yard\u0131mc\u0131 olur. Geri d\u00f6n\u00fc\u015ft\u00fcr\u00fclebilir ambalajlar kullanmak ve enerji verimli \u00fcretim s\u00fcre\u00e7leri uygulamak, hem \u00fcretici hem de t\u00fcketici a\u00e7\u0131s\u0131ndan \u00f6nemli bir ad\u0131m olarak \u00f6ne \u00e7\u0131kar.<\/p>\n\n\n\n<p><strong>3. Karbon Ayak \u0130zini Azaltmak<\/strong><\/p>\n\n\n\n<p>Kuruyemi\u015f sekt\u00f6r\u00fcnde \u00e7evreye duyarl\u0131 firmalar, karbon ayak izini azaltmaya y\u00f6nelik \u00e7al\u0131\u015fmalar yapmaktad\u0131r. Enerji verimlili\u011fini art\u0131ran teknolojiler kullanarak, \u00fcretim s\u00fcre\u00e7lerinde fosil yak\u0131t t\u00fcketimini azaltmak ve yenilenebilir enerji kaynaklar\u0131na y\u00f6nelmek, \u00e7evresel s\u00fcrd\u00fcr\u00fclebilirli\u011fi destekler.<\/p>\n\n\n\n<p>S\u00fcrd\u00fcr\u00fclebilirlik ve \u00e7evreye duyarl\u0131l\u0131k, kuruyemi\u015f sekt\u00f6r\u00fcn\u00fcn vazge\u00e7ilmez unsurlar\u0131d\u0131r. Do\u011fal kaynaklar\u0131n korunmas\u0131, at\u0131k y\u00f6netimi ve karbon ayak izini azaltma gibi uygulamalar, sekt\u00f6rdeki firmalar\u0131n \u00e7evre dostu yakla\u015f\u0131m\u0131n\u0131 destekler. T\u00fcketici olarak da \u00e7evreye duyarl\u0131 \u00fcretim s\u00fcre\u00e7lerine sahip firmalar\u0131 tercih ederek, bu d\u00f6n\u00fc\u015f\u00fcme katk\u0131 sa\u011flayabiliriz.<\/p>\n\n\n\n<p><\/p>\n","protected":false},"excerpt":{"rendered":"<p>Kuruyemi\u015f sekt\u00f6r\u00fc, g\u0131da end\u00fcstrisinin \u00f6nemli bir par\u00e7as\u0131 olmas\u0131n\u0131n yan\u0131 s\u0131ra s\u00fcrd\u00fcr\u00fclebilirlik a\u00e7\u0131s\u0131ndan da b\u00fcy\u00fck sorumluluk ta\u015f\u0131r. Do\u011fal kaynaklar\u0131n korunmas\u0131 ve \u00e7evreye duyarl\u0131 \u00fcretim s\u00fcre\u00e7leri, hem sekt\u00f6rdeki firmalar\u0131n hem de t\u00fcketicilerin \u00f6nem verdi\u011fi konular\u0131n ba\u015f\u0131nda gelir. Bu yaz\u0131da, kuruyemi\u015f sekt\u00f6r\u00fcnde s\u00fcrd\u00fcr\u00fclebilirli\u011fin \u00f6nemi ve \u00e7evre dostu uygulamalar\u0131 ele alaca\u011f\u0131z. 1. Do\u011fal Kaynaklar\u0131n Korunmas\u0131 Kuruyemi\u015f \u00fcretimi, tar\u0131msal kaynaklara [&hellip;]<\/p>\n","protected":false},"author":1,"featured_media":10209,"comment_status":"closed","ping_status":"closed","sticky":false,"template":"","format":"standard","meta":{"footnotes":""},"categories":[17],"tags":[],"class_list":["post-10208","post","type-post","status-publish","format-standard","has-post-thumbnail","hentry","category-faydali-bilgiler"],"_links":{"self":[{"href":"https:\/\/destandisticaret.com\/tr\/wp-json\/wp\/v2\/posts\/10208","targetHints":{"allow":["GET"]}}],"collection":[{"href":"https:\/\/destandisticaret.com\/tr\/wp-json\/wp\/v2\/posts"}],"about":[{"href":"https:\/\/destandisticaret.com\/tr\/wp-json\/wp\/v2\/types\/post"}],"author":[{"embeddable":true,"href":"https:\/\/destandisticaret.com\/tr\/wp-json\/wp\/v2\/users\/1"}],"replies":[{"embeddable":true,"href":"https:\/\/destandisticaret.com\/tr\/wp-json\/wp\/v2\/comments?post=10208"}],"version-history":[{"count":1,"href":"https:\/\/destandisticaret.com\/tr\/wp-json\/wp\/v2\/posts\/10208\/revisions"}],"predecessor-version":[{"id":10210,"href":"https:\/\/destandisticaret.com\/tr\/wp-json\/wp\/v2\/posts\/10208\/revisions\/10210"}],"wp:featuredmedia":[{"embeddable":true,"href":"https:\/\/destandisticaret.com\/tr\/wp-json\/wp\/v2\/media\/10209"}],"wp:attachment":[{"href":"https:\/\/destandisticaret.com\/tr\/wp-json\/wp\/v2\/media?parent=10208"}],"wp:term":[{"taxonomy":"category","embeddable":true,"href":"https:\/\/destandisticaret.com\/tr\/wp-json\/wp\/v2\/categories?post=10208"},{"taxonomy":"post_tag","embeddable":true,"href":"https:\/\/destandisticaret.com\/tr\/wp-json\/wp\/v2\/tags?post=10208"}],"curies":[{"name":"wp","href":"https:\/\/api.w.org\/{rel}","templated":true}]}}