{"id":10754,"date":"2026-01-15T06:23:00","date_gmt":"2026-01-15T06:23:00","guid":{"rendered":"https:\/\/destandisticaret.com\/?p=10754"},"modified":"2026-01-15T06:25:41","modified_gmt":"2026-01-15T06:25:41","slug":"groshandelspreise-fur-nusse-2026","status":"publish","type":"post","link":"https:\/\/destandisticaret.com\/de\/ankundigungen\/groshandelspreise-fur-nusse-2026\/","title":{"rendered":"Gro\u00dfhandelspreise f\u00fcr N\u00fcsse und Trockenfr\u00fcchte 2026"},"content":{"rendered":"<h2 class=\"wp-block-heading\">Szenarien f\u00fcr den Nuss- und Trockenfruchtmarkt im Jahr 2026: Ein Leitfaden f\u00fcr H\u00e4ndler von \u015e\u00fck\u00fcr Nut and Dried Fruits<\/h2>\n\n\n\n<p>Mit \u00fcber 50 Jahren Erfahrung im Nuss- und Trockenfr\u00fcchtehandel wissen wir, dass Produkte, die zum falschen Zeitpunkt gekauft werden, am teuersten sind. Im Jahr 2026 werden W\u00e4hrungsschwankungen und der Klimawandel die Gro\u00dfhandelspreise direkt beeinflussen. Wie werden Sie Ihr Gesch\u00e4ft oder Unternehmen also in diesem Jahr profitabel gestalten?<\/p>\n\n\n\n<p><strong>Dankbarkeitsn\u00fcsse<\/strong> Wir entschl\u00fcsseln somit die Codes des Gro\u00dfhandelsmarktes von 2026.<\/p>\n\n\n\n<h2 class=\"wp-block-heading\">Warum werden die Preise im Jahr 2026 so volatil sein?<\/h2>\n\n\n\n<p>In diesem Jahr wird der Markt nicht nur von Angebot und Nachfrage bestimmt werden., <strong>\u201cIntelligente Landwirtschaft kostet\u201d<\/strong> Er schafft es.<\/p>\n\n\n\n<ul class=\"wp-block-list\">\n<li><strong>Die Wirkung von Dieselkraftstoff und D\u00fcngemitteln:<\/strong> Bei im Inland produzierten Haseln\u00fcssen und Pistazien haben die Produktionskosten die Basispreise in die H\u00f6he getrieben.<\/li>\n\n\n\n<li><strong>Globale Lieferkette:<\/strong> Bei importierten Waren wie Cashewn\u00fcssen und Mandeln werden die Kosten f\u00fcr den Transportcontainer im ersten Quartal 2026 eine entscheidende Rolle spielen.<\/li>\n<\/ul>\n\n\n\n<h3 class=\"wp-block-heading\">Unsere Prognosen f\u00fcr 2026 nach Produktgruppen<\/h3>\n\n\n\n<ol class=\"wp-block-list\">\n<li><strong>Pistazien (f\u00fcr Baklava und Luxusvarianten):<\/strong> Die Preise stehen unter Aufw\u00e4rtsdruck, da das Risiko besteht, dass die Ernte mit einem \u201cschlechten Erntejahr\u201d zusammenf\u00e4llt. Wer fr\u00fchzeitig Vorr\u00e4te anlegt, profitiert.<\/li>\n\n\n\n<li><strong>Cashewn\u00fcsse und Mandeln:<\/strong> Durch die \u00c4nderungen der Importbestimmungen basieren die Preise zunehmend auf Fremdw\u00e4hrungen. Wir bei \u015e\u00fck\u00fcr Kuruyemi\u015f versuchen, diese Schwankungen durch unsere umfangreichen Importbeziehungen nicht an unsere Kunden weiterzugeben.<\/li>\n\n\n\n<li><strong>Kerngruppe:<\/strong> Die heimische Produktion ist in diesem Jahr reichlich; die stabilste Periode f\u00fcr Sonnenblumen- und K\u00fcrbiskernpreise erleben wir im Jahr 2026.<\/li>\n<\/ol>\n\n\n\n<hr class=\"wp-block-separator has-alpha-channel-opacity\"\/>\n\n\n\n<h2 class=\"wp-block-heading\">Der Unterschied bei \u015e\u00fck\u00fcr Trockenn\u00fcssen: Wir verkaufen nicht nur, wir bieten auch Beratungsleistungen an.<\/h2>\n\n\n\n<p>Unternehmen, die \u015e\u00fck\u00fcr Kuruyemi\u015f f\u00fcr ihre Gro\u00dfhandelseink\u00e4ufe w\u00e4hlen, profitieren von folgenden Vorteilen:<\/p>\n\n\n\n<h3 class=\"wp-block-heading\">1. \u201cNull-Lagerbestand\u201d-Risiko<\/h3>\n\n\n\n<p>Caf\u00e9s und Superm\u00e4rkte, die mit uns zusammenarbeiten, ben\u00f6tigen keine riesigen Lagerhallen. Dank unserer w\u00f6chentlich frisch ger\u00f6steten Produkte und unseres schnellen Liefernetzwerks erreichen Sie Ihre Regale stets in bestem, knusprigem Zustand.<\/p>\n\n\n\n<h3 class=\"wp-block-heading\">2. Kalibriersicherung<\/h3>\n\n\n\n<p>Das gr\u00f6\u00dfte Problem bei Gro\u00dfhandelsk\u00e4ufen ist die Abweichung zwischen Muster und tats\u00e4chlichem Produkt. Unter der Marke \u015e\u00fck\u00fcr Kuruyemi\u015f wird jeder Sack gem\u00e4\u00df unseren Standards f\u00fcr 2026 mit h\u00f6chster Laborgenauigkeit sorgf\u00e4ltig gepr\u00fcft.<\/p>\n\n\n\n<h3 class=\"wp-block-heading\">3. Gesch\u00e4ftskundenfreundliche Preise<\/h3>\n\n\n\n<p>Wie schon seit einem halben Jahrhundert werden wir auch 2026 weiterhin nach unserem Prinzip des \u201cnachhaltigen Handels\u201d handeln. Anstelle von einmaligen hohen Gewinnen bieten wir wettbewerbsf\u00e4hige Gro\u00dfhandelspreise f\u00fcr langfristige Gesch\u00e4ftspartnerschaften.<\/p>\n\n\n\n<hr class=\"wp-block-separator has-alpha-channel-opacity\"\/>\n\n\n\n<h2 class=\"wp-block-heading\">Branchenspezifische L\u00f6sungen<\/h2>\n\n\n\n<ul class=\"wp-block-list\">\n<li><strong>B\u00e4ckereien und Baklava-L\u00e4den:<\/strong> Fettreiche, abfallfreie Erdnuss- und Walnusskerne.<\/li>\n\n\n\n<li><strong>Nuss- und Trockenfruchtgesch\u00e4fte:<\/strong> Spezialmischung aus N\u00fcssen und Rohprodukten.<\/li>\n\n\n\n<li><strong>Exporteure:<\/strong> Produkte, die einer Aflatoxinanalyse unterzogen wurden und den EU-Standards entsprechen.<\/li>\n<\/ul>\n\n\n\n<p><\/p>","protected":false},"excerpt":{"rendered":"<p>Marktszenarien f\u00fcr N\u00fcsse und Trockenfr\u00fcchte 2026: Ein Leitfaden f\u00fcr H\u00e4ndler von \u015e\u00fck\u00fcr N\u00fcsse und Trockenfr\u00fcchte. Mit \u00fcber 50 Jahren Erfahrung im Nuss- und Trockenfr\u00fcchtehandel wissen wir: Produkte, die nicht zum richtigen Zeitpunkt gekauft werden, sind am teuersten. Zu Beginn des Jahres 2026 wirken sich Wechselkursschwankungen und der Klimawandel direkt auf die Gro\u00dfhandelspreise aus. Wie k\u00f6nnen Sie Ihr Gesch\u00e4ft oder Unternehmen also in diesem Jahr profitabel gestalten? Wir von \u015e\u00fck\u00fcr N\u00fcsse und Trockenfr\u00fcchte entschl\u00fcsseln die Geheimnisse des Gro\u00dfhandelsmarktes 2026. Preise im Jahr 2026 [\u2026]<\/p>","protected":false},"author":1,"featured_media":10755,"comment_status":"closed","ping_status":"closed","sticky":false,"template":"","format":"standard","meta":{"footnotes":""},"categories":[16,1,17],"tags":[182,180,178,183,177,175,176,181,179],"class_list":["post-10754","post","type-post","status-publish","format-standard","has-post-thumbnail","hentry","category-bizden-haberler","category-duyurular","category-faydali-bilgiler","tag-2026-kuruyemis-piyasasi","tag-dokme-cerez-fiyat-listesi-2026","tag-esnafa-ozel-kuruyemis-fiyatlari","tag-istanbul-kuruyemis-borsasi","tag-kuruyemis-imalatcilari","tag-sukur-kuruyemis-toptan","tag-taze-kavrulmus-toptan-urunler","tag-toptan-cerez-tedarik","tag-ucuz-toptan-fistik-2026"],"_links":{"self":[{"href":"https:\/\/destandisticaret.com\/de\/wp-json\/wp\/v2\/posts\/10754","targetHints":{"allow":["GET"]}}],"collection":[{"href":"https:\/\/destandisticaret.com\/de\/wp-json\/wp\/v2\/posts"}],"about":[{"href":"https:\/\/destandisticaret.com\/de\/wp-json\/wp\/v2\/types\/post"}],"author":[{"embeddable":true,"href":"https:\/\/destandisticaret.com\/de\/wp-json\/wp\/v2\/users\/1"}],"replies":[{"embeddable":true,"href":"https:\/\/destandisticaret.com\/de\/wp-json\/wp\/v2\/comments?post=10754"}],"version-history":[{"count":2,"href":"https:\/\/destandisticaret.com\/de\/wp-json\/wp\/v2\/posts\/10754\/revisions"}],"predecessor-version":[{"id":10757,"href":"https:\/\/destandisticaret.com\/de\/wp-json\/wp\/v2\/posts\/10754\/revisions\/10757"}],"wp:featuredmedia":[{"embeddable":true,"href":"https:\/\/destandisticaret.com\/de\/wp-json\/wp\/v2\/media\/10755"}],"wp:attachment":[{"href":"https:\/\/destandisticaret.com\/de\/wp-json\/wp\/v2\/media?parent=10754"}],"wp:term":[{"taxonomy":"category","embeddable":true,"href":"https:\/\/destandisticaret.com\/de\/wp-json\/wp\/v2\/categories?post=10754"},{"taxonomy":"post_tag","embeddable":true,"href":"https:\/\/destandisticaret.com\/de\/wp-json\/wp\/v2\/tags?post=10754"}],"curies":[{"name":"wp","href":"https:\/\/api.w.org\/{rel}","templated":true}]}}